{"id":898,"date":"2017-06-06T13:09:15","date_gmt":"2017-06-06T11:09:15","guid":{"rendered":"https:\/\/www.medicsintegralsalut.com\/?p=898"},"modified":"2026-05-20T20:05:13","modified_gmt":"2026-05-20T18:05:13","slug":"hay-solucion-para-la-antiestetica-marca-del-cansancio-bajo-los-ojos","status":"publish","type":"post","link":"https:\/\/www.medicsintegralsalut.com\/en\/hay-solucion-para-la-antiestetica-marca-del-cansancio-bajo-los-ojos\/","title":{"rendered":"Are there any solutions for unsightly under-eye tiredness marks?"},"content":{"rendered":"<p>The <strong>aparici\u00f3n de ojeras<\/strong> is the <strong>preocupaci\u00f3n est\u00e9tica m\u00e1s extendida entre las mujeres<\/strong>, la ojera es el hundimiento y oscurecimiento de la zona que hay justo debajo del p\u00e1rpado inferior.<br \/>\nLas causas de su aparici\u00f3n pueden ser variadas: dormir pocas horas sin un sue\u00f1o reparador; no beber suficiente agua al d\u00eda; adelgazar o realizar un ejercicio extremo de modo que la zona de la ojera se deshidrata y la grasa que hay debajo desaparece o se adelgaza; los malos h\u00e1bitos; la gen\u00e9tica, etc.<\/p>\n<p>Debido a que la piel de la ojera es mucho m\u00e1s fina que la del resto del rostro, los vasos sangu\u00edneos se transparentar\u00e1n m\u00e1s y cualquier ligera modificaci\u00f3n de la grasa m\u00e1s interna se apreciar\u00e1 en el exterior.<\/p>\n<h2>Infiltraciones con \u00e1cido hialur\u00f3nico y relleno de ojeras.<\/h2>\n<p>Este tratamiento est\u00e9tico <a href=\"https:\/\/www.medicsintegralsalut.com\/en\/units\/cosmetic-facial-surgery-2\/wrinkle-fillers\/\">Wrinkle fillers<\/a> consiste en rellenar la zona de debajo del p\u00e1rpado inferior con microinyecciones de \u00e1cido hialur\u00f3nico espec\u00edfico para ojeras, rehidratando la piel y eliminando el hundimiento que oscurece la zona y da una sensaci\u00f3n de aspecto cansado.<\/p>\n<p>El tratamiento es tan suave que se realiza sin anestesia. El \u00e1cido hialur\u00f3nico no cambia la pigmentaci\u00f3n oscura de la dermis, pero al dar relleno a las ojeras mejora mucho el aspecto cansado.<\/p>\n<p>Finalmente, nos quedar\u00eda trabajar el plano m\u00e1s superficial. Para ello trataremos la piel de la ojera con un combinado de vitaminas y\/o plasma rico en plaquetas para hidratar y regenerar toda la piel de la zona infraorbitaria.<\/p>\n<p>El resultado es inmediato, aunque por la ligera inflamaci\u00f3n de la microinyecci\u00f3n la mejora se podr\u00e1 comprobar de forma \u00f3ptima a los 2 o 3 d\u00edas del tratamiento.<\/p>\n<p><a href=\"https:\/\/www.medicsintegralsalut.com\/en\/contact\/\">Cons\u00faltanos!!<\/a><\/p>","protected":false},"excerpt":{"rendered":"<p>La aparici\u00f3n de ojeras es la preocupaci\u00f3n est\u00e9tica m\u00e1s extendida entre las mujeres, la ojera es el hundimiento y oscurecimiento de la zona que hay justo debajo del p\u00e1rpado inferior. Las causas de su aparici\u00f3n pueden ser variadas: dormir pocas horas sin un sue\u00f1o reparador;&#8230;<\/p>","protected":false},"author":3,"featured_media":900,"comment_status":"closed","ping_status":"open","sticky":false,"template":"","format":"standard","meta":{"footnotes":""},"categories":[8,7],"tags":[16,20,19],"class_list":["post-898","post","type-post","status-publish","format-standard","has-post-thumbnail","hentry","category-cirugia-estetica-facial","category-medicina-estetica-corporal","tag-belleza","tag-estetica","tag-ojos"],"acf":[],"yoast_head":"<!-- This site is optimized with the Yoast SEO plugin v24.0 - https:\/\/yoast.com\/wordpress\/plugins\/seo\/ -->\n<title>\u00bfHay alguna soluci\u00f3n para la antiest\u00e9tica marca del cansancio bajo los ojos?<\/title>\n<meta name=\"description\" content=\"Descubre c\u00f3mo eliminar las ojeras y las marcas de cansancio bajo los ojos con tratamientos est\u00e9ticos seguros que rejuvenecen tu mirada de forma natural.\" \/>\n<meta name=\"robots\" content=\"index, follow, max-snippet:-1, max-image-preview:large, max-video-preview:-1\" \/>\n<link rel=\"canonical\" href=\"https:\/\/www.medicsintegralsalut.com\/en\/hay-solucion-para-la-antiestetica-marca-del-cansancio-bajo-los-ojos\/\" \/>\n<meta property=\"og:locale\" content=\"en_GB\" \/>\n<meta property=\"og:type\" content=\"article\" \/>\n<meta property=\"og:title\" content=\"\u00bfHay alguna soluci\u00f3n para la antiest\u00e9tica marca del cansancio bajo los ojos?\" \/>\n<meta property=\"og:description\" content=\"Descubre c\u00f3mo eliminar las ojeras y las marcas de cansancio bajo los ojos con tratamientos est\u00e9ticos seguros que rejuvenecen tu mirada de forma natural.\" \/>\n<meta property=\"og:url\" content=\"https:\/\/www.medicsintegralsalut.com\/en\/hay-solucion-para-la-antiestetica-marca-del-cansancio-bajo-los-ojos\/\" \/>\n<meta property=\"og:site_name\" content=\"MedicsIntegralSalut\" \/>\n<meta property=\"article:author\" content=\"https:\/\/www.facebook.com\/MedicsIntegralSalut\" \/>\n<meta property=\"article:published_time\" content=\"2017-06-06T11:09:15+00:00\" \/>\n<meta property=\"article:modified_time\" content=\"2026-05-20T18:05:13+00:00\" \/>\n<meta property=\"og:image\" content=\"https:\/\/www.medicsintegralsalut.com\/wp-content\/uploads\/2019\/11\/marca-del-cansancio-bajo-los-ojos-e1582104641732.jpg\" \/>\n\t<meta property=\"og:image:width\" content=\"467\" \/>\n\t<meta property=\"og:image:height\" content=\"350\" \/>\n\t<meta property=\"og:image:type\" content=\"image\/jpeg\" \/>\n<meta name=\"author\" content=\"Cl\u00ednica Medics Integral Salut\" \/>\n<meta name=\"twitter:card\" content=\"summary_large_image\" \/>\n<meta name=\"twitter:label1\" content=\"Written by\" \/>\n\t<meta name=\"twitter:data1\" content=\"Cl\u00ednica Medics Integral Salut\" \/>\n\t<meta name=\"twitter:label2\" content=\"Estimated reading time\" \/>\n\t<meta name=\"twitter:data2\" content=\"1 minute\" \/>\n<script type=\"application\/ld+json\" class=\"yoast-schema-graph\">{\"@context\":\"https:\/\/schema.org\",\"@graph\":[{\"@type\":\"Article\",\"@id\":\"https:\/\/www.medicsintegralsalut.com\/hay-solucion-para-la-antiestetica-marca-del-cansancio-bajo-los-ojos\/#article\",\"isPartOf\":{\"@id\":\"https:\/\/www.medicsintegralsalut.com\/hay-solucion-para-la-antiestetica-marca-del-cansancio-bajo-los-ojos\/\"},\"author\":{\"name\":\"Cl\u00ednica Medics Integral Salut\",\"@id\":\"https:\/\/www.medicsintegralsalut.com\/#\/schema\/person\/b3a6eab40961576719d913a428baa47b\"},\"headline\":\"\u00bfHay alguna soluci\u00f3n para la antiest\u00e9tica marca del cansancio bajo los ojos?\",\"datePublished\":\"2017-06-06T11:09:15+00:00\",\"dateModified\":\"2026-05-20T18:05:13+00:00\",\"mainEntityOfPage\":{\"@id\":\"https:\/\/www.medicsintegralsalut.com\/hay-solucion-para-la-antiestetica-marca-del-cansancio-bajo-los-ojos\/\"},\"wordCount\":313,\"publisher\":{\"@id\":\"https:\/\/www.medicsintegralsalut.com\/#organization\"},\"image\":{\"@id\":\"https:\/\/www.medicsintegralsalut.com\/hay-solucion-para-la-antiestetica-marca-del-cansancio-bajo-los-ojos\/#primaryimage\"},\"thumbnailUrl\":\"https:\/\/www.medicsintegralsalut.com\/wp-content\/uploads\/2019\/11\/marca-del-cansancio-bajo-los-ojos-e1582104641732.jpg\",\"keywords\":[\"belleza\",\"est\u00e9tica\",\"ojos\"],\"articleSection\":[\"Cirugia est\u00e9tica facial\",\"Medicina est\u00e9tica corporal\"],\"inLanguage\":\"en-GB\"},{\"@type\":\"WebPage\",\"@id\":\"https:\/\/www.medicsintegralsalut.com\/hay-solucion-para-la-antiestetica-marca-del-cansancio-bajo-los-ojos\/\",\"url\":\"https:\/\/www.medicsintegralsalut.com\/hay-solucion-para-la-antiestetica-marca-del-cansancio-bajo-los-ojos\/\",\"name\":\"\u00bfHay alguna soluci\u00f3n para la antiest\u00e9tica marca del cansancio bajo los ojos?\",\"isPartOf\":{\"@id\":\"https:\/\/www.medicsintegralsalut.com\/#website\"},\"primaryImageOfPage\":{\"@id\":\"https:\/\/www.medicsintegralsalut.com\/hay-solucion-para-la-antiestetica-marca-del-cansancio-bajo-los-ojos\/#primaryimage\"},\"image\":{\"@id\":\"https:\/\/www.medicsintegralsalut.com\/hay-solucion-para-la-antiestetica-marca-del-cansancio-bajo-los-ojos\/#primaryimage\"},\"thumbnailUrl\":\"https:\/\/www.medicsintegralsalut.com\/wp-content\/uploads\/2019\/11\/marca-del-cansancio-bajo-los-ojos-e1582104641732.jpg\",\"datePublished\":\"2017-06-06T11:09:15+00:00\",\"dateModified\":\"2026-05-20T18:05:13+00:00\",\"description\":\"Descubre c\u00f3mo eliminar las ojeras y las marcas de cansancio bajo los ojos con tratamientos est\u00e9ticos seguros que rejuvenecen tu mirada de forma natural.\",\"breadcrumb\":{\"@id\":\"https:\/\/www.medicsintegralsalut.com\/hay-solucion-para-la-antiestetica-marca-del-cansancio-bajo-los-ojos\/#breadcrumb\"},\"inLanguage\":\"en-GB\",\"potentialAction\":[{\"@type\":\"ReadAction\",\"target\":[\"https:\/\/www.medicsintegralsalut.com\/hay-solucion-para-la-antiestetica-marca-del-cansancio-bajo-los-ojos\/\"]}]},{\"@type\":\"ImageObject\",\"inLanguage\":\"en-GB\",\"@id\":\"https:\/\/www.medicsintegralsalut.com\/hay-solucion-para-la-antiestetica-marca-del-cansancio-bajo-los-ojos\/#primaryimage\",\"url\":\"https:\/\/www.medicsintegralsalut.com\/wp-content\/uploads\/2019\/11\/marca-del-cansancio-bajo-los-ojos-e1582104641732.jpg\",\"contentUrl\":\"https:\/\/www.medicsintegralsalut.com\/wp-content\/uploads\/2019\/11\/marca-del-cansancio-bajo-los-ojos-e1582104641732.jpg\",\"width\":467,\"height\":350},{\"@type\":\"BreadcrumbList\",\"@id\":\"https:\/\/www.medicsintegralsalut.com\/hay-solucion-para-la-antiestetica-marca-del-cansancio-bajo-los-ojos\/#breadcrumb\",\"itemListElement\":[{\"@type\":\"ListItem\",\"position\":1,\"name\":\"Inicio\",\"item\":\"https:\/\/www.medicsintegralsalut.com\/\"},{\"@type\":\"ListItem\",\"position\":2,\"name\":\"\u00bfHay alguna soluci\u00f3n para la antiest\u00e9tica marca del cansancio bajo los ojos?\"}]},{\"@type\":\"WebSite\",\"@id\":\"https:\/\/www.medicsintegralsalut.com\/#website\",\"url\":\"https:\/\/www.medicsintegralsalut.com\/\",\"name\":\"MedicsIntegralSalut\",\"description\":\"Cirug\u00eda est\u00e9tica\",\"publisher\":{\"@id\":\"https:\/\/www.medicsintegralsalut.com\/#organization\"},\"potentialAction\":[{\"@type\":\"SearchAction\",\"target\":{\"@type\":\"EntryPoint\",\"urlTemplate\":\"https:\/\/www.medicsintegralsalut.com\/?s={search_term_string}\"},\"query-input\":{\"@type\":\"PropertyValueSpecification\",\"valueRequired\":true,\"valueName\":\"search_term_string\"}}],\"inLanguage\":\"en-GB\"},{\"@type\":\"Organization\",\"@id\":\"https:\/\/www.medicsintegralsalut.com\/#organization\",\"name\":\"MedicsIntegralSalut\",\"url\":\"https:\/\/www.medicsintegralsalut.com\/\",\"logo\":{\"@type\":\"ImageObject\",\"inLanguage\":\"en-GB\",\"@id\":\"https:\/\/www.medicsintegralsalut.com\/#\/schema\/logo\/image\/\",\"url\":\"https:\/\/www.medicsintegralsalut.com\/wp-content\/uploads\/2021\/12\/Logo-web-03_250.png\",\"contentUrl\":\"https:\/\/www.medicsintegralsalut.com\/wp-content\/uploads\/2021\/12\/Logo-web-03_250.png\",\"width\":250,\"height\":99,\"caption\":\"MedicsIntegralSalut\"},\"image\":{\"@id\":\"https:\/\/www.medicsintegralsalut.com\/#\/schema\/logo\/image\/\"}},{\"@type\":\"Person\",\"@id\":\"https:\/\/www.medicsintegralsalut.com\/#\/schema\/person\/b3a6eab40961576719d913a428baa47b\",\"name\":\"Cl\u00ednica Medics Integral Salut\",\"image\":{\"@type\":\"ImageObject\",\"inLanguage\":\"en-GB\",\"@id\":\"https:\/\/www.medicsintegralsalut.com\/#\/schema\/person\/image\/\",\"url\":\"https:\/\/secure.gravatar.com\/avatar\/9988ca725533f1b14357ea5049944a8c?s=96&d=mm&r=g\",\"contentUrl\":\"https:\/\/secure.gravatar.com\/avatar\/9988ca725533f1b14357ea5049944a8c?s=96&d=mm&r=g\",\"caption\":\"Cl\u00ednica Medics Integral Salut\"},\"description\":\"Medics Integral Salut no es una cl\u00ednica m\u00e1s, nuestra prioridad es que nuestros pacientes encuentren lo que vienen a buscar: RESULTADOS. Desde 2014 estamos en Girona, nuestra cl\u00ednica de medicina est\u00e9tica en Girona se relaciona de forma estrechamente con Cl\u00ednica Rinos de Barcelona, una cl\u00ednica con m\u00e1s de 25 a\u00f1os de experiencia y con un amplio equipo m\u00e9dico, el mismo que tenemos en Girona. Medics Integral Salut tiene diferentes Unidades. En cada una de ellas hemos buscado la excelencia del equipo m\u00e9dico \u2013 quir\u00fargico: los mejores, los m\u00e1s preparados, los m\u00e1s y mejor formados para poder ofrecer a nuestro paciente la soluci\u00f3n que espera. Nuestros pacientes se intervienen en diferentes centros hospitalarios en Girona o en Barcelona. En funci\u00f3n del tipo de intervenci\u00f3n, seleccionamos el centro hospitalario que le puede dar una mayor cobertura. No todas las intervenciones son iguales, no todos los centros hospitalarios est\u00e1n especializados en las diferentes intervenciones que realizamos.\",\"sameAs\":[\"https:\/\/www.medicsintegralsalut.com\/\",\"https:\/\/www.facebook.com\/MedicsIntegralSalut\",\"https:\/\/www.instagram.com\/medicsintegralsalut\/\",\"https:\/\/www.youtube.com\/channel\/UChnKZOQRgevEvqw-NTaDHpw\"],\"url\":\"https:\/\/www.medicsintegralsalut.com\/en\/author\/infomedicstetics\/\"}]}<\/script>\n<!-- \/ Yoast SEO plugin. -->","yoast_head_json":{"title":"Are there any solutions for unsightly under-eye tiredness marks?","description":"Descubre c\u00f3mo eliminar las ojeras y las marcas de cansancio bajo los ojos con tratamientos est\u00e9ticos seguros que rejuvenecen tu mirada de forma natural.","robots":{"index":"index","follow":"follow","max-snippet":"max-snippet:-1","max-image-preview":"max-image-preview:large","max-video-preview":"max-video-preview:-1"},"canonical":"https:\/\/www.medicsintegralsalut.com\/en\/hay-solucion-para-la-antiestetica-marca-del-cansancio-bajo-los-ojos\/","og_locale":"en_GB","og_type":"article","og_title":"\u00bfHay alguna soluci\u00f3n para la antiest\u00e9tica marca del cansancio bajo los ojos?","og_description":"Descubre c\u00f3mo eliminar las ojeras y las marcas de cansancio bajo los ojos con tratamientos est\u00e9ticos seguros que rejuvenecen tu mirada de forma natural.","og_url":"https:\/\/www.medicsintegralsalut.com\/en\/hay-solucion-para-la-antiestetica-marca-del-cansancio-bajo-los-ojos\/","og_site_name":"MedicsIntegralSalut","article_author":"https:\/\/www.facebook.com\/MedicsIntegralSalut","article_published_time":"2017-06-06T11:09:15+00:00","article_modified_time":"2026-05-20T18:05:13+00:00","og_image":[{"width":467,"height":350,"url":"https:\/\/www.medicsintegralsalut.com\/wp-content\/uploads\/2019\/11\/marca-del-cansancio-bajo-los-ojos-e1582104641732.jpg","type":"image\/jpeg"}],"author":"Cl\u00ednica Medics Integral Salut","twitter_card":"summary_large_image","twitter_misc":{"Written by":"Cl\u00ednica Medics Integral Salut","Estimated reading time":"1 minute"},"schema":{"@context":"https:\/\/schema.org","@graph":[{"@type":"Article","@id":"https:\/\/www.medicsintegralsalut.com\/hay-solucion-para-la-antiestetica-marca-del-cansancio-bajo-los-ojos\/#article","isPartOf":{"@id":"https:\/\/www.medicsintegralsalut.com\/hay-solucion-para-la-antiestetica-marca-del-cansancio-bajo-los-ojos\/"},"author":{"name":"Cl\u00ednica Medics Integral Salut","@id":"https:\/\/www.medicsintegralsalut.com\/#\/schema\/person\/b3a6eab40961576719d913a428baa47b"},"headline":"\u00bfHay alguna soluci\u00f3n para la antiest\u00e9tica marca del cansancio bajo los ojos?","datePublished":"2017-06-06T11:09:15+00:00","dateModified":"2026-05-20T18:05:13+00:00","mainEntityOfPage":{"@id":"https:\/\/www.medicsintegralsalut.com\/hay-solucion-para-la-antiestetica-marca-del-cansancio-bajo-los-ojos\/"},"wordCount":313,"publisher":{"@id":"https:\/\/www.medicsintegralsalut.com\/#organization"},"image":{"@id":"https:\/\/www.medicsintegralsalut.com\/hay-solucion-para-la-antiestetica-marca-del-cansancio-bajo-los-ojos\/#primaryimage"},"thumbnailUrl":"https:\/\/www.medicsintegralsalut.com\/wp-content\/uploads\/2019\/11\/marca-del-cansancio-bajo-los-ojos-e1582104641732.jpg","keywords":["belleza","est\u00e9tica","ojos"],"articleSection":["Cirugia est\u00e9tica facial","Medicina est\u00e9tica corporal"],"inLanguage":"en-GB"},{"@type":"WebPage","@id":"https:\/\/www.medicsintegralsalut.com\/hay-solucion-para-la-antiestetica-marca-del-cansancio-bajo-los-ojos\/","url":"https:\/\/www.medicsintegralsalut.com\/hay-solucion-para-la-antiestetica-marca-del-cansancio-bajo-los-ojos\/","name":"Are there any solutions for unsightly under-eye tiredness marks?","isPartOf":{"@id":"https:\/\/www.medicsintegralsalut.com\/#website"},"primaryImageOfPage":{"@id":"https:\/\/www.medicsintegralsalut.com\/hay-solucion-para-la-antiestetica-marca-del-cansancio-bajo-los-ojos\/#primaryimage"},"image":{"@id":"https:\/\/www.medicsintegralsalut.com\/hay-solucion-para-la-antiestetica-marca-del-cansancio-bajo-los-ojos\/#primaryimage"},"thumbnailUrl":"https:\/\/www.medicsintegralsalut.com\/wp-content\/uploads\/2019\/11\/marca-del-cansancio-bajo-los-ojos-e1582104641732.jpg","datePublished":"2017-06-06T11:09:15+00:00","dateModified":"2026-05-20T18:05:13+00:00","description":"Descubre c\u00f3mo eliminar las ojeras y las marcas de cansancio bajo los ojos con tratamientos est\u00e9ticos seguros que rejuvenecen tu mirada de forma natural.","breadcrumb":{"@id":"https:\/\/www.medicsintegralsalut.com\/hay-solucion-para-la-antiestetica-marca-del-cansancio-bajo-los-ojos\/#breadcrumb"},"inLanguage":"en-GB","potentialAction":[{"@type":"ReadAction","target":["https:\/\/www.medicsintegralsalut.com\/hay-solucion-para-la-antiestetica-marca-del-cansancio-bajo-los-ojos\/"]}]},{"@type":"ImageObject","inLanguage":"en-GB","@id":"https:\/\/www.medicsintegralsalut.com\/hay-solucion-para-la-antiestetica-marca-del-cansancio-bajo-los-ojos\/#primaryimage","url":"https:\/\/www.medicsintegralsalut.com\/wp-content\/uploads\/2019\/11\/marca-del-cansancio-bajo-los-ojos-e1582104641732.jpg","contentUrl":"https:\/\/www.medicsintegralsalut.com\/wp-content\/uploads\/2019\/11\/marca-del-cansancio-bajo-los-ojos-e1582104641732.jpg","width":467,"height":350},{"@type":"BreadcrumbList","@id":"https:\/\/www.medicsintegralsalut.com\/hay-solucion-para-la-antiestetica-marca-del-cansancio-bajo-los-ojos\/#breadcrumb","itemListElement":[{"@type":"ListItem","position":1,"name":"Inicio","item":"https:\/\/www.medicsintegralsalut.com\/"},{"@type":"ListItem","position":2,"name":"\u00bfHay alguna soluci\u00f3n para la antiest\u00e9tica marca del cansancio bajo los ojos?"}]},{"@type":"WebSite","@id":"https:\/\/www.medicsintegralsalut.com\/#website","url":"https:\/\/www.medicsintegralsalut.com\/","name":"DoctorsIntegralHello","description":"Cosmetic surgery","publisher":{"@id":"https:\/\/www.medicsintegralsalut.com\/#organization"},"potentialAction":[{"@type":"SearchAction","target":{"@type":"EntryPoint","urlTemplate":"https:\/\/www.medicsintegralsalut.com\/?s={search_term_string}"},"query-input":{"@type":"PropertyValueSpecification","valueRequired":true,"valueName":"search_term_string"}}],"inLanguage":"en-GB"},{"@type":"Organization","@id":"https:\/\/www.medicsintegralsalut.com\/#organization","name":"DoctorsIntegralHello","url":"https:\/\/www.medicsintegralsalut.com\/","logo":{"@type":"ImageObject","inLanguage":"en-GB","@id":"https:\/\/www.medicsintegralsalut.com\/#\/schema\/logo\/image\/","url":"https:\/\/www.medicsintegralsalut.com\/wp-content\/uploads\/2021\/12\/Logo-web-03_250.png","contentUrl":"https:\/\/www.medicsintegralsalut.com\/wp-content\/uploads\/2021\/12\/Logo-web-03_250.png","width":250,"height":99,"caption":"MedicsIntegralSalut"},"image":{"@id":"https:\/\/www.medicsintegralsalut.com\/#\/schema\/logo\/image\/"}},{"@type":"Person","@id":"https:\/\/www.medicsintegralsalut.com\/#\/schema\/person\/b3a6eab40961576719d913a428baa47b","name":"Cl\u00ednica Medics Integral Salut","image":{"@type":"ImageObject","inLanguage":"en-GB","@id":"https:\/\/www.medicsintegralsalut.com\/#\/schema\/person\/image\/","url":"https:\/\/secure.gravatar.com\/avatar\/9988ca725533f1b14357ea5049944a8c?s=96&d=mm&r=g","contentUrl":"https:\/\/secure.gravatar.com\/avatar\/9988ca725533f1b14357ea5049944a8c?s=96&d=mm&r=g","caption":"Cl\u00ednica Medics Integral Salut"},"description":"Medics Integral Salut is not just another clinic; our priority is for our patients to find what they are looking for: RESULTS. We have been in Girona since 2014, and our aesthetic medicine clinic in Girona is closely affiliated with Cl\u00ednica Rinos in Barcelona, a clinic with over 25 years of experience and a large medical team, the same team we have in Girona. Medics Integral Salut has different Units. In each of them, we have sought excellence from the medical-surgical team: the best, the most qualified, the most and best-trained individuals to offer our patients the solution they expect. Our patients undergo surgery in different hospital centres in Girona or Barcelona. Depending on the type of intervention, we select the hospital centre that can provide the greatest coverage. Not all interventions are the same, nor are all hospital centres specialised in the different interventions we perform.","sameAs":["https:\/\/www.medicsintegralsalut.com\/","https:\/\/www.facebook.com\/MedicsIntegralSalut","https:\/\/www.instagram.com\/medicsintegralsalut\/","https:\/\/www.youtube.com\/channel\/UChnKZOQRgevEvqw-NTaDHpw"],"url":"https:\/\/www.medicsintegralsalut.com\/en\/author\/infomedicstetics\/"}]}},"_links":{"self":[{"href":"https:\/\/www.medicsintegralsalut.com\/en\/wp-json\/wp\/v2\/posts\/898"}],"collection":[{"href":"https:\/\/www.medicsintegralsalut.com\/en\/wp-json\/wp\/v2\/posts"}],"about":[{"href":"https:\/\/www.medicsintegralsalut.com\/en\/wp-json\/wp\/v2\/types\/post"}],"author":[{"embeddable":true,"href":"https:\/\/www.medicsintegralsalut.com\/en\/wp-json\/wp\/v2\/users\/3"}],"replies":[{"embeddable":true,"href":"https:\/\/www.medicsintegralsalut.com\/en\/wp-json\/wp\/v2\/comments?post=898"}],"version-history":[{"count":6,"href":"https:\/\/www.medicsintegralsalut.com\/en\/wp-json\/wp\/v2\/posts\/898\/revisions"}],"predecessor-version":[{"id":7045,"href":"https:\/\/www.medicsintegralsalut.com\/en\/wp-json\/wp\/v2\/posts\/898\/revisions\/7045"}],"wp:featuredmedia":[{"embeddable":true,"href":"https:\/\/www.medicsintegralsalut.com\/en\/wp-json\/wp\/v2\/media\/900"}],"wp:attachment":[{"href":"https:\/\/www.medicsintegralsalut.com\/en\/wp-json\/wp\/v2\/media?parent=898"}],"wp:term":[{"taxonomy":"category","embeddable":true,"href":"https:\/\/www.medicsintegralsalut.com\/en\/wp-json\/wp\/v2\/categories?post=898"},{"taxonomy":"post_tag","embeddable":true,"href":"https:\/\/www.medicsintegralsalut.com\/en\/wp-json\/wp\/v2\/tags?post=898"}],"curies":[{"name":"wp","href":"https:\/\/api.w.org\/{rel}","templated":true}]}}