{"id":4832,"date":"2017-03-06T13:05:14","date_gmt":"2017-03-06T11:05:14","guid":{"rendered":"https:\/\/www.medicsintegralsalut.com\/elevacio-de-glutis-sense-cirurgia-es-possible\/"},"modified":"2022-08-22T17:50:20","modified_gmt":"2022-08-22T15:50:20","slug":"elevacio-de-glutis-sense-cirurgia-es-possible","status":"publish","type":"post","link":"https:\/\/www.medicsintegralsalut.com\/fr\/elevacio-de-glutis-sense-cirurgia-es-possible\/","title":{"rendered":"Rehaussement des fesses sans chirurgie, est-ce possible"},"content":{"rendered":"<p>La gran batalla contra l&#8217;efecte del pas del temps \u00e9s la lluita contra la gravetat, la flacciditat \u00e9s el pitjor enemic i als glutis on posem especial inter\u00e8s a refor\u00e7ar.<\/p>\n<p>Si vols elevar el gluti, no reduir-ne el volum, sin\u00f3 millorar la forma per donar un aire m\u00e9s juvenil a la teva silueta, i tamb\u00e9 m\u00e9s sensual, aquest \u00e9s el teu tractament ideal.<\/p>\n<p>L&#8217;ideal sempre que parlem de procediments d&#8217;elevaci\u00f3 o reafirmaci\u00f3, \u00e9s fer abans 3 o 4 sessions de radiofreq\u00fc\u00e8ncia, \u00e9s la base perqu\u00e8 el tractament posterior tingui millor resultat.<\/p>\n<p>Seguirem aquest protocol:<\/p>\n<p>.-Infiltracions de desoxicolat de sodi (Aqualix) , eliminant la banana subgl\u00fatia , aquest actiu \u00e9s un \u201cdetergent\u201d que elimina les c\u00e8l\u00b7lules greixoses, aquest tractament nom\u00e9s dura 30 minuts, \u00e9s el propi organisme el que elimina , a trav\u00e9s del sistema limf\u00e0tic, les restes d&#8217;adip\u00f2cits, \u00e9s recomanable un drenatge limf\u00e0tic 48 hores despr\u00e9s, per ajudar el nostre organisme a aquesta eliminaci\u00f3.<\/p>\n<p>.-Inserci\u00f3 de fils PDO amb la t\u00e8cnica W ,creant punts de tensi\u00f3 tant a l&#8217;\u00e0rea mitjana dels glutis com als laterals, aquests fils disposen d&#8217;una esp\u00edcules per exercir la tensi\u00f3, com a efecte secundari , milloren la creaci\u00f3 de col\u00b7lagen del tipus I i II, els m\u00e9s importants per a la dermis.<\/p>\n<p>Si tens inter\u00e8s per con\u00e8ixer millor aquest tractament i saber si pot ser adequat per a tu, demana una primera visita de valoraci\u00f3 amb el nostre equip m\u00e8dic sense comprom\u00eds.<\/p>","protected":false},"excerpt":{"rendered":"<p>La gran batalla contra l&#8217;efecte del pas del temps \u00e9s la lluita contra la gravetat, la flacciditat \u00e9s el pitjor enemic i als glutis on posem especial inter\u00e8s a refor\u00e7ar. Si vols elevar el gluti, no reduir-ne el volum, sin\u00f3 millorar la forma per donar&#8230;<\/p>","protected":false},"author":3,"featured_media":4833,"comment_status":"closed","ping_status":"open","sticky":false,"template":"","format":"standard","meta":{"footnotes":""},"categories":[96,118],"tags":[128,127],"class_list":["post-4832","post","type-post","status-publish","format-standard","has-post-thumbnail","hentry","category-cirurgia-estetica-facial","category-medicina-estetica-corporal-ca","tag-evaluacio","tag-glutis"],"acf":[],"yoast_head":"<!-- This site is optimized with the Yoast SEO plugin v24.0 - https:\/\/yoast.com\/wordpress\/plugins\/seo\/ -->\n<title>Elevaci\u00f3 de glutis sense cirurgia, \u00e9s possible - MedicsIntegralSalut<\/title>\n<meta name=\"robots\" content=\"index, follow, max-snippet:-1, max-image-preview:large, max-video-preview:-1\" \/>\n<link rel=\"canonical\" href=\"https:\/\/www.medicsintegralsalut.com\/fr\/elevacio-de-glutis-sense-cirurgia-es-possible\/\" \/>\n<meta property=\"og:locale\" content=\"fr_FR\" \/>\n<meta property=\"og:type\" content=\"article\" \/>\n<meta property=\"og:title\" content=\"Elevaci\u00f3 de glutis sense cirurgia, \u00e9s possible - MedicsIntegralSalut\" \/>\n<meta property=\"og:description\" content=\"La gran batalla contra l&#8217;efecte del pas del temps \u00e9s la lluita contra la gravetat, la flacciditat \u00e9s el pitjor enemic i als glutis on posem especial inter\u00e8s a refor\u00e7ar. Si vols elevar el gluti, no reduir-ne el volum, sin\u00f3 millorar la forma per donar...\" \/>\n<meta property=\"og:url\" content=\"https:\/\/www.medicsintegralsalut.com\/fr\/elevacio-de-glutis-sense-cirurgia-es-possible\/\" \/>\n<meta property=\"og:site_name\" content=\"MedicsIntegralSalut\" \/>\n<meta property=\"article:author\" content=\"https:\/\/www.facebook.com\/MedicsIntegralSalut\" \/>\n<meta property=\"article:published_time\" content=\"2017-03-06T11:05:14+00:00\" \/>\n<meta property=\"article:modified_time\" content=\"2022-08-22T15:50:20+00:00\" \/>\n<meta property=\"og:image\" content=\"https:\/\/www.medicsintegralsalut.com\/wp-content\/uploads\/2019\/11\/165771520.jpg\" \/>\n\t<meta property=\"og:image:width\" content=\"478\" \/>\n\t<meta property=\"og:image:height\" content=\"359\" \/>\n\t<meta property=\"og:image:type\" content=\"image\/jpeg\" \/>\n<meta name=\"author\" content=\"Cl\u00ednica Medics Integral Salut\" \/>\n<meta name=\"twitter:card\" content=\"summary_large_image\" \/>\n<meta name=\"twitter:label1\" content=\"\u00c9crit par\" \/>\n\t<meta name=\"twitter:data1\" content=\"Cl\u00ednica Medics Integral Salut\" \/>\n\t<meta name=\"twitter:label2\" content=\"Dur\u00e9e de lecture estim\u00e9e\" \/>\n\t<meta name=\"twitter:data2\" content=\"1 minute\" \/>\n<script type=\"application\/ld+json\" class=\"yoast-schema-graph\">{\"@context\":\"https:\/\/schema.org\",\"@graph\":[{\"@type\":\"Article\",\"@id\":\"https:\/\/www.medicsintegralsalut.com\/ca\/elevacio-de-glutis-sense-cirurgia-es-possible\/#article\",\"isPartOf\":{\"@id\":\"https:\/\/www.medicsintegralsalut.com\/ca\/elevacio-de-glutis-sense-cirurgia-es-possible\/\"},\"author\":{\"name\":\"Cl\u00ednica Medics Integral Salut\",\"@id\":\"https:\/\/www.medicsintegralsalut.com\/#\/schema\/person\/b3a6eab40961576719d913a428baa47b\"},\"headline\":\"Elevaci\u00f3 de glutis sense cirurgia, \u00e9s possible\",\"datePublished\":\"2017-03-06T11:05:14+00:00\",\"dateModified\":\"2022-08-22T15:50:20+00:00\",\"mainEntityOfPage\":{\"@id\":\"https:\/\/www.medicsintegralsalut.com\/ca\/elevacio-de-glutis-sense-cirurgia-es-possible\/\"},\"wordCount\":258,\"publisher\":{\"@id\":\"https:\/\/www.medicsintegralsalut.com\/#organization\"},\"image\":{\"@id\":\"https:\/\/www.medicsintegralsalut.com\/ca\/elevacio-de-glutis-sense-cirurgia-es-possible\/#primaryimage\"},\"thumbnailUrl\":\"https:\/\/www.medicsintegralsalut.com\/wp-content\/uploads\/2019\/11\/165771520.jpg\",\"keywords\":[\"evaluaci\u00f3\",\"glutis\"],\"articleSection\":[\"Cirurgia est\u00e8tica facial\",\"Medicina est\u00e8tica corporal\"],\"inLanguage\":\"fr-FR\"},{\"@type\":\"WebPage\",\"@id\":\"https:\/\/www.medicsintegralsalut.com\/ca\/elevacio-de-glutis-sense-cirurgia-es-possible\/\",\"url\":\"https:\/\/www.medicsintegralsalut.com\/ca\/elevacio-de-glutis-sense-cirurgia-es-possible\/\",\"name\":\"Elevaci\u00f3 de glutis sense cirurgia, \u00e9s possible - MedicsIntegralSalut\",\"isPartOf\":{\"@id\":\"https:\/\/www.medicsintegralsalut.com\/#website\"},\"primaryImageOfPage\":{\"@id\":\"https:\/\/www.medicsintegralsalut.com\/ca\/elevacio-de-glutis-sense-cirurgia-es-possible\/#primaryimage\"},\"image\":{\"@id\":\"https:\/\/www.medicsintegralsalut.com\/ca\/elevacio-de-glutis-sense-cirurgia-es-possible\/#primaryimage\"},\"thumbnailUrl\":\"https:\/\/www.medicsintegralsalut.com\/wp-content\/uploads\/2019\/11\/165771520.jpg\",\"datePublished\":\"2017-03-06T11:05:14+00:00\",\"dateModified\":\"2022-08-22T15:50:20+00:00\",\"breadcrumb\":{\"@id\":\"https:\/\/www.medicsintegralsalut.com\/ca\/elevacio-de-glutis-sense-cirurgia-es-possible\/#breadcrumb\"},\"inLanguage\":\"fr-FR\",\"potentialAction\":[{\"@type\":\"ReadAction\",\"target\":[\"https:\/\/www.medicsintegralsalut.com\/ca\/elevacio-de-glutis-sense-cirurgia-es-possible\/\"]}]},{\"@type\":\"ImageObject\",\"inLanguage\":\"fr-FR\",\"@id\":\"https:\/\/www.medicsintegralsalut.com\/ca\/elevacio-de-glutis-sense-cirurgia-es-possible\/#primaryimage\",\"url\":\"https:\/\/www.medicsintegralsalut.com\/wp-content\/uploads\/2019\/11\/165771520.jpg\",\"contentUrl\":\"https:\/\/www.medicsintegralsalut.com\/wp-content\/uploads\/2019\/11\/165771520.jpg\",\"width\":478,\"height\":359,\"caption\":\"perfect butt\"},{\"@type\":\"BreadcrumbList\",\"@id\":\"https:\/\/www.medicsintegralsalut.com\/ca\/elevacio-de-glutis-sense-cirurgia-es-possible\/#breadcrumb\",\"itemListElement\":[{\"@type\":\"ListItem\",\"position\":1,\"name\":\"Inicio\",\"item\":\"https:\/\/www.medicsintegralsalut.com\/\"},{\"@type\":\"ListItem\",\"position\":2,\"name\":\"Elevaci\u00f3 de glutis sense cirurgia, \u00e9s possible\"}]},{\"@type\":\"WebSite\",\"@id\":\"https:\/\/www.medicsintegralsalut.com\/#website\",\"url\":\"https:\/\/www.medicsintegralsalut.com\/\",\"name\":\"MedicsIntegralSalut\",\"description\":\"Cirug\u00eda est\u00e9tica\",\"publisher\":{\"@id\":\"https:\/\/www.medicsintegralsalut.com\/#organization\"},\"potentialAction\":[{\"@type\":\"SearchAction\",\"target\":{\"@type\":\"EntryPoint\",\"urlTemplate\":\"https:\/\/www.medicsintegralsalut.com\/?s={search_term_string}\"},\"query-input\":{\"@type\":\"PropertyValueSpecification\",\"valueRequired\":true,\"valueName\":\"search_term_string\"}}],\"inLanguage\":\"fr-FR\"},{\"@type\":\"Organization\",\"@id\":\"https:\/\/www.medicsintegralsalut.com\/#organization\",\"name\":\"MedicsIntegralSalut\",\"url\":\"https:\/\/www.medicsintegralsalut.com\/\",\"logo\":{\"@type\":\"ImageObject\",\"inLanguage\":\"fr-FR\",\"@id\":\"https:\/\/www.medicsintegralsalut.com\/#\/schema\/logo\/image\/\",\"url\":\"https:\/\/www.medicsintegralsalut.com\/wp-content\/uploads\/2021\/12\/Logo-web-03_250.png\",\"contentUrl\":\"https:\/\/www.medicsintegralsalut.com\/wp-content\/uploads\/2021\/12\/Logo-web-03_250.png\",\"width\":250,\"height\":99,\"caption\":\"MedicsIntegralSalut\"},\"image\":{\"@id\":\"https:\/\/www.medicsintegralsalut.com\/#\/schema\/logo\/image\/\"}},{\"@type\":\"Person\",\"@id\":\"https:\/\/www.medicsintegralsalut.com\/#\/schema\/person\/b3a6eab40961576719d913a428baa47b\",\"name\":\"Cl\u00ednica Medics Integral Salut\",\"image\":{\"@type\":\"ImageObject\",\"inLanguage\":\"fr-FR\",\"@id\":\"https:\/\/www.medicsintegralsalut.com\/#\/schema\/person\/image\/\",\"url\":\"https:\/\/secure.gravatar.com\/avatar\/9988ca725533f1b14357ea5049944a8c?s=96&d=mm&r=g\",\"contentUrl\":\"https:\/\/secure.gravatar.com\/avatar\/9988ca725533f1b14357ea5049944a8c?s=96&d=mm&r=g\",\"caption\":\"Cl\u00ednica Medics Integral Salut\"},\"description\":\"Medics Integral Salut no es una cl\u00ednica m\u00e1s, nuestra prioridad es que nuestros pacientes encuentren lo que vienen a buscar: RESULTADOS. Desde 2014 estamos en Girona, nuestra cl\u00ednica de medicina est\u00e9tica en Girona se relaciona de forma estrechamente con Cl\u00ednica Rinos de Barcelona, una cl\u00ednica con m\u00e1s de 25 a\u00f1os de experiencia y con un amplio equipo m\u00e9dico, el mismo que tenemos en Girona. Medics Integral Salut tiene diferentes Unidades. En cada una de ellas hemos buscado la excelencia del equipo m\u00e9dico \u2013 quir\u00fargico: los mejores, los m\u00e1s preparados, los m\u00e1s y mejor formados para poder ofrecer a nuestro paciente la soluci\u00f3n que espera. Nuestros pacientes se intervienen en diferentes centros hospitalarios en Girona o en Barcelona. En funci\u00f3n del tipo de intervenci\u00f3n, seleccionamos el centro hospitalario que le puede dar una mayor cobertura. No todas las intervenciones son iguales, no todos los centros hospitalarios est\u00e1n especializados en las diferentes intervenciones que realizamos.\",\"sameAs\":[\"https:\/\/www.medicsintegralsalut.com\/\",\"https:\/\/www.facebook.com\/MedicsIntegralSalut\",\"https:\/\/www.instagram.com\/medicsintegralsalut\/\",\"https:\/\/www.youtube.com\/channel\/UChnKZOQRgevEvqw-NTaDHpw\"],\"url\":\"https:\/\/www.medicsintegralsalut.com\/fr\/author\/infomedicstetics\/\"}]}<\/script>\n<!-- \/ Yoast SEO plugin. -->","yoast_head_json":{"title":"Elevaci\u00f3 de glutis sense cirurgia, \u00e9s possible - MedicsIntegralSalut","robots":{"index":"index","follow":"follow","max-snippet":"max-snippet:-1","max-image-preview":"max-image-preview:large","max-video-preview":"max-video-preview:-1"},"canonical":"https:\/\/www.medicsintegralsalut.com\/fr\/elevacio-de-glutis-sense-cirurgia-es-possible\/","og_locale":"fr_FR","og_type":"article","og_title":"Elevaci\u00f3 de glutis sense cirurgia, \u00e9s possible - MedicsIntegralSalut","og_description":"La gran batalla contra l&#8217;efecte del pas del temps \u00e9s la lluita contra la gravetat, la flacciditat \u00e9s el pitjor enemic i als glutis on posem especial inter\u00e8s a refor\u00e7ar. Si vols elevar el gluti, no reduir-ne el volum, sin\u00f3 millorar la forma per donar...","og_url":"https:\/\/www.medicsintegralsalut.com\/fr\/elevacio-de-glutis-sense-cirurgia-es-possible\/","og_site_name":"MedicsIntegralSalut","article_author":"https:\/\/www.facebook.com\/MedicsIntegralSalut","article_published_time":"2017-03-06T11:05:14+00:00","article_modified_time":"2022-08-22T15:50:20+00:00","og_image":[{"width":478,"height":359,"url":"https:\/\/www.medicsintegralsalut.com\/wp-content\/uploads\/2019\/11\/165771520.jpg","type":"image\/jpeg"}],"author":"Cl\u00ednica Medics Integral Salut","twitter_card":"summary_large_image","twitter_misc":{"\u00c9crit par":"Cl\u00ednica Medics Integral Salut","Dur\u00e9e de lecture estim\u00e9e":"1 minute"},"schema":{"@context":"https:\/\/schema.org","@graph":[{"@type":"Article","@id":"https:\/\/www.medicsintegralsalut.com\/ca\/elevacio-de-glutis-sense-cirurgia-es-possible\/#article","isPartOf":{"@id":"https:\/\/www.medicsintegralsalut.com\/ca\/elevacio-de-glutis-sense-cirurgia-es-possible\/"},"author":{"name":"Cl\u00ednica Medics Integral Salut","@id":"https:\/\/www.medicsintegralsalut.com\/#\/schema\/person\/b3a6eab40961576719d913a428baa47b"},"headline":"Elevaci\u00f3 de glutis sense cirurgia, \u00e9s possible","datePublished":"2017-03-06T11:05:14+00:00","dateModified":"2022-08-22T15:50:20+00:00","mainEntityOfPage":{"@id":"https:\/\/www.medicsintegralsalut.com\/ca\/elevacio-de-glutis-sense-cirurgia-es-possible\/"},"wordCount":258,"publisher":{"@id":"https:\/\/www.medicsintegralsalut.com\/#organization"},"image":{"@id":"https:\/\/www.medicsintegralsalut.com\/ca\/elevacio-de-glutis-sense-cirurgia-es-possible\/#primaryimage"},"thumbnailUrl":"https:\/\/www.medicsintegralsalut.com\/wp-content\/uploads\/2019\/11\/165771520.jpg","keywords":["evaluaci\u00f3","glutis"],"articleSection":["Cirurgia est\u00e8tica facial","Medicina est\u00e8tica corporal"],"inLanguage":"fr-FR"},{"@type":"WebPage","@id":"https:\/\/www.medicsintegralsalut.com\/ca\/elevacio-de-glutis-sense-cirurgia-es-possible\/","url":"https:\/\/www.medicsintegralsalut.com\/ca\/elevacio-de-glutis-sense-cirurgia-es-possible\/","name":"Elevaci\u00f3 de glutis sense cirurgia, \u00e9s possible - MedicsIntegralSalut","isPartOf":{"@id":"https:\/\/www.medicsintegralsalut.com\/#website"},"primaryImageOfPage":{"@id":"https:\/\/www.medicsintegralsalut.com\/ca\/elevacio-de-glutis-sense-cirurgia-es-possible\/#primaryimage"},"image":{"@id":"https:\/\/www.medicsintegralsalut.com\/ca\/elevacio-de-glutis-sense-cirurgia-es-possible\/#primaryimage"},"thumbnailUrl":"https:\/\/www.medicsintegralsalut.com\/wp-content\/uploads\/2019\/11\/165771520.jpg","datePublished":"2017-03-06T11:05:14+00:00","dateModified":"2022-08-22T15:50:20+00:00","breadcrumb":{"@id":"https:\/\/www.medicsintegralsalut.com\/ca\/elevacio-de-glutis-sense-cirurgia-es-possible\/#breadcrumb"},"inLanguage":"fr-FR","potentialAction":[{"@type":"ReadAction","target":["https:\/\/www.medicsintegralsalut.com\/ca\/elevacio-de-glutis-sense-cirurgia-es-possible\/"]}]},{"@type":"ImageObject","inLanguage":"fr-FR","@id":"https:\/\/www.medicsintegralsalut.com\/ca\/elevacio-de-glutis-sense-cirurgia-es-possible\/#primaryimage","url":"https:\/\/www.medicsintegralsalut.com\/wp-content\/uploads\/2019\/11\/165771520.jpg","contentUrl":"https:\/\/www.medicsintegralsalut.com\/wp-content\/uploads\/2019\/11\/165771520.jpg","width":478,"height":359,"caption":"perfect butt"},{"@type":"BreadcrumbList","@id":"https:\/\/www.medicsintegralsalut.com\/ca\/elevacio-de-glutis-sense-cirurgia-es-possible\/#breadcrumb","itemListElement":[{"@type":"ListItem","position":1,"name":"Inicio","item":"https:\/\/www.medicsintegralsalut.com\/"},{"@type":"ListItem","position":2,"name":"Elevaci\u00f3 de glutis sense cirurgia, \u00e9s possible"}]},{"@type":"WebSite","@id":"https:\/\/www.medicsintegralsalut.com\/#website","url":"https:\/\/www.medicsintegralsalut.com\/","name":"M\u00e9decinsInt\u00e9grauxBonjour","description":"Chirurgie esth\u00e9tique","publisher":{"@id":"https:\/\/www.medicsintegralsalut.com\/#organization"},"potentialAction":[{"@type":"SearchAction","target":{"@type":"EntryPoint","urlTemplate":"https:\/\/www.medicsintegralsalut.com\/?s={search_term_string}"},"query-input":{"@type":"PropertyValueSpecification","valueRequired":true,"valueName":"search_term_string"}}],"inLanguage":"fr-FR"},{"@type":"Organization","@id":"https:\/\/www.medicsintegralsalut.com\/#organization","name":"M\u00e9decinsInt\u00e9grauxBonjour","url":"https:\/\/www.medicsintegralsalut.com\/","logo":{"@type":"ImageObject","inLanguage":"fr-FR","@id":"https:\/\/www.medicsintegralsalut.com\/#\/schema\/logo\/image\/","url":"https:\/\/www.medicsintegralsalut.com\/wp-content\/uploads\/2021\/12\/Logo-web-03_250.png","contentUrl":"https:\/\/www.medicsintegralsalut.com\/wp-content\/uploads\/2021\/12\/Logo-web-03_250.png","width":250,"height":99,"caption":"MedicsIntegralSalut"},"image":{"@id":"https:\/\/www.medicsintegralsalut.com\/#\/schema\/logo\/image\/"}},{"@type":"Person","@id":"https:\/\/www.medicsintegralsalut.com\/#\/schema\/person\/b3a6eab40961576719d913a428baa47b","name":"Cl\u00ednica Medics Integral Salut","image":{"@type":"ImageObject","inLanguage":"fr-FR","@id":"https:\/\/www.medicsintegralsalut.com\/#\/schema\/person\/image\/","url":"https:\/\/secure.gravatar.com\/avatar\/9988ca725533f1b14357ea5049944a8c?s=96&d=mm&r=g","contentUrl":"https:\/\/secure.gravatar.com\/avatar\/9988ca725533f1b14357ea5049944a8c?s=96&d=mm&r=g","caption":"Cl\u00ednica Medics Integral Salut"},"description":"Medics Integral Salut n'est pas une clinique de plus, notre priorit\u00e9 est que nos patients trouvent ce qu'ils sont venus chercher : DES R\u00c9SULTATS. Depuis 2014 nous sommes \u00e0 G\u00e9rone, notre clinique de m\u00e9decine esth\u00e9tique \u00e0 G\u00e9rone est \u00e9troitement li\u00e9e \u00e0 la Cl\u00ednica Rinos de Barcelone, une clinique avec plus de 25 ans d'exp\u00e9rience et une large \u00e9quipe m\u00e9dicale, la m\u00eame que nous avons \u00e0 G\u00e9rone. Medics Integral Salut poss\u00e8de diff\u00e9rentes unit\u00e9s. Dans chacune d'elles, nous avons recherch\u00e9 l'excellence de l'\u00e9quipe m\u00e9dico-chirurgicale : les meilleurs, les plus pr\u00e9par\u00e9s, les plus et les mieux form\u00e9s pour pouvoir offrir \u00e0 notre patient la solution qu'il attend. Nos patients sont op\u00e9r\u00e9s dans diff\u00e9rents centres hospitaliers \u00e0 G\u00e9rone ou \u00e0 Barcelone. En fonction du type d'intervention, nous s\u00e9lectionnons le centre hospitalier qui peut leur offrir une meilleure couverture. Toutes les interventions ne sont pas identiques, tous les centres hospitaliers ne sont pas sp\u00e9cialis\u00e9s dans les diff\u00e9rentes interventions que nous r\u00e9alisons.","sameAs":["https:\/\/www.medicsintegralsalut.com\/","https:\/\/www.facebook.com\/MedicsIntegralSalut","https:\/\/www.instagram.com\/medicsintegralsalut\/","https:\/\/www.youtube.com\/channel\/UChnKZOQRgevEvqw-NTaDHpw"],"url":"https:\/\/www.medicsintegralsalut.com\/fr\/author\/infomedicstetics\/"}]}},"_links":{"self":[{"href":"https:\/\/www.medicsintegralsalut.com\/fr\/wp-json\/wp\/v2\/posts\/4832"}],"collection":[{"href":"https:\/\/www.medicsintegralsalut.com\/fr\/wp-json\/wp\/v2\/posts"}],"about":[{"href":"https:\/\/www.medicsintegralsalut.com\/fr\/wp-json\/wp\/v2\/types\/post"}],"author":[{"embeddable":true,"href":"https:\/\/www.medicsintegralsalut.com\/fr\/wp-json\/wp\/v2\/users\/3"}],"replies":[{"embeddable":true,"href":"https:\/\/www.medicsintegralsalut.com\/fr\/wp-json\/wp\/v2\/comments?post=4832"}],"version-history":[{"count":1,"href":"https:\/\/www.medicsintegralsalut.com\/fr\/wp-json\/wp\/v2\/posts\/4832\/revisions"}],"predecessor-version":[{"id":4926,"href":"https:\/\/www.medicsintegralsalut.com\/fr\/wp-json\/wp\/v2\/posts\/4832\/revisions\/4926"}],"wp:featuredmedia":[{"embeddable":true,"href":"https:\/\/www.medicsintegralsalut.com\/fr\/wp-json\/wp\/v2\/media\/4833"}],"wp:attachment":[{"href":"https:\/\/www.medicsintegralsalut.com\/fr\/wp-json\/wp\/v2\/media?parent=4832"}],"wp:term":[{"taxonomy":"category","embeddable":true,"href":"https:\/\/www.medicsintegralsalut.com\/fr\/wp-json\/wp\/v2\/categories?post=4832"},{"taxonomy":"post_tag","embeddable":true,"href":"https:\/\/www.medicsintegralsalut.com\/fr\/wp-json\/wp\/v2\/tags?post=4832"}],"curies":[{"name":"wp","href":"https:\/\/api.w.org\/{rel}","templated":true}]}}